{"id":1605,"date":"2026-03-27T22:35:34","date_gmt":"2026-03-27T22:35:34","guid":{"rendered":"https:\/\/reisereisassociados.com.br\/novo\/?p=1605"},"modified":"2026-04-03T21:21:18","modified_gmt":"2026-04-03T21:21:18","slug":"conservacao-dos-ambientes-coletivos-em-condominios-por-que-ela-e-essencial","status":"publish","type":"post","link":"https:\/\/reisereisassociados.com.br\/site\/?p=1605","title":{"rendered":"Conserva\u00e7\u00e3o dos ambientes coletivos em condom\u00ednios: por que ela \u00e9 essencial?"},"content":{"rendered":"\n<p>A conserva\u00e7\u00e3o dos ambientes coletivos \u00e9 um dos pilares da boa gest\u00e3o condominial. Corredores, elevadores, garagens, sal\u00f5es de festas, \u00e1reas de lazer e jardins s\u00e3o utilizados diariamente pelos moradores e visitantes. Quando esses espa\u00e7os s\u00e3o bem cuidados, o condom\u00ednio se torna mais seguro, organizado e valorizado.<\/p>\n\n\n\n<p>Al\u00e9m da est\u00e9tica, a manuten\u00e7\u00e3o adequada das \u00e1reas comuns tamb\u00e9m influencia diretamente na qualidade de vida e no patrim\u00f4nio dos cond\u00f4minos. <\/p>\n\n\n\n<h3 class=\"wp-block-heading\">A import\u00e2ncia da preserva\u00e7\u00e3o das \u00e1reas comuns<\/h3>\n\n\n\n<p>Os ambientes coletivos representam uma extens\u00e3o das resid\u00eancias dentro do condom\u00ednio. Por isso, \u00e9 fundamental que todos os moradores tenham consci\u00eancia da import\u00e2ncia de preservar esses espa\u00e7os.<\/p>\n\n\n\n<p>Entre as principais atitudes que contribuem para a conserva\u00e7\u00e3o est\u00e3o:<\/p>\n\n\n\n<ul class=\"wp-block-list\">\n<li>evitar danos em paredes e portas<\/li>\n\n\n\n<li>respeitar os hor\u00e1rios e regras de uso das \u00e1reas de lazer<\/li>\n\n\n\n<li>descartar corretamente o lixo<\/li>\n\n\n\n<li>comunicar problemas estruturais ou danos \u00e0 administra\u00e7\u00e3o<\/li>\n<\/ul>\n\n\n\n<p>Essas pequenas a\u00e7\u00f5es ajudam a manter os espa\u00e7os organizados e evitam gastos desnecess\u00e1rios com reparos.<\/p>\n\n\n\n<h3 class=\"wp-block-heading\">Manuten\u00e7\u00e3o preventiva evita preju\u00edzos<\/h3>\n\n\n\n<p>A manuten\u00e7\u00e3o preventiva \u00e9 uma estrat\u00e9gia essencial para a conserva\u00e7\u00e3o do condom\u00ednio. Quando inspe\u00e7\u00f5es e pequenos reparos s\u00e3o realizados regularmente, \u00e9 poss\u00edvel evitar problemas maiores e custos elevados no futuro.<\/p>\n\n\n\n<p>Entre os servi\u00e7os mais comuns est\u00e3o:<\/p>\n\n\n\n<ul class=\"wp-block-list\">\n<li>limpeza e conserva\u00e7\u00e3o das \u00e1reas comuns<\/li>\n\n\n\n<li>manuten\u00e7\u00e3o de elevadores<\/li>\n\n\n\n<li>pintura peri\u00f3dica<\/li>\n\n\n\n<li>revis\u00e3o de ilumina\u00e7\u00e3o<\/li>\n\n\n\n<li>conserva\u00e7\u00e3o de pisos e estruturas<\/li>\n<\/ul>\n\n\n\n<p>Uma administradora de condom\u00ednios eficiente auxilia no planejamento dessas manuten\u00e7\u00f5es, garantindo que tudo seja realizado dentro das normas e prazos adequados.<\/p>\n\n\n\n<h3 class=\"wp-block-heading\">Valoriza\u00e7\u00e3o do patrim\u00f4nio<\/h3>\n\n\n\n<p>Condom\u00ednios bem cuidados t\u00eam maior valoriza\u00e7\u00e3o no mercado imobili\u00e1rio. Um ambiente limpo, organizado e bem conservado transmite seguran\u00e7a e qualidade de vida para moradores e visitantes.<\/p>\n\n\n\n<p>Isso influencia diretamente na valoriza\u00e7\u00e3o dos im\u00f3veis e tamb\u00e9m na facilidade de venda ou loca\u00e7\u00e3o.<\/p>\n","protected":false},"excerpt":{"rendered":"<p>A conserva\u00e7\u00e3o dos ambientes coletivos \u00e9 um dos pilares da boa gest\u00e3o condominial. Corredores, elevadores, garagens, sal\u00f5es de festas, \u00e1reas de lazer e jardins s\u00e3o utilizados diariamente pelos moradores e visitantes.<\/p>\n","protected":false},"author":1,"featured_media":1606,"comment_status":"closed","ping_status":"closed","sticky":false,"template":"","format":"standard","meta":{"pagelayer_contact_templates":[],"_pagelayer_content":"","footnotes":""},"categories":[1],"tags":[],"class_list":["post-1605","post","type-post","status-publish","format-standard","has-post-thumbnail","hentry","category-uncategorized"],"_links":{"self":[{"href":"https:\/\/reisereisassociados.com.br\/site\/index.php?rest_route=\/wp\/v2\/posts\/1605","targetHints":{"allow":["GET"]}}],"collection":[{"href":"https:\/\/reisereisassociados.com.br\/site\/index.php?rest_route=\/wp\/v2\/posts"}],"about":[{"href":"https:\/\/reisereisassociados.com.br\/site\/index.php?rest_route=\/wp\/v2\/types\/post"}],"author":[{"embeddable":true,"href":"https:\/\/reisereisassociados.com.br\/site\/index.php?rest_route=\/wp\/v2\/users\/1"}],"replies":[{"embeddable":true,"href":"https:\/\/reisereisassociados.com.br\/site\/index.php?rest_route=%2Fwp%2Fv2%2Fcomments&post=1605"}],"version-history":[{"count":2,"href":"https:\/\/reisereisassociados.com.br\/site\/index.php?rest_route=\/wp\/v2\/posts\/1605\/revisions"}],"predecessor-version":[{"id":1642,"href":"https:\/\/reisereisassociados.com.br\/site\/index.php?rest_route=\/wp\/v2\/posts\/1605\/revisions\/1642"}],"wp:featuredmedia":[{"embeddable":true,"href":"https:\/\/reisereisassociados.com.br\/site\/index.php?rest_route=\/wp\/v2\/media\/1606"}],"wp:attachment":[{"href":"https:\/\/reisereisassociados.com.br\/site\/index.php?rest_route=%2Fwp%2Fv2%2Fmedia&parent=1605"}],"wp:term":[{"taxonomy":"category","embeddable":true,"href":"https:\/\/reisereisassociados.com.br\/site\/index.php?rest_route=%2Fwp%2Fv2%2Fcategories&post=1605"},{"taxonomy":"post_tag","embeddable":true,"href":"https:\/\/reisereisassociados.com.br\/site\/index.php?rest_route=%2Fwp%2Fv2%2Ftags&post=1605"}],"curies":[{"name":"wp","href":"https:\/\/api.w.org\/{rel}","templated":true}]}}